{"id":1289,"date":"2015-06-27T09:23:37","date_gmt":"2015-06-27T08:23:37","guid":{"rendered":"http:\/\/hana-bf.no\/?p=1289"},"modified":"2017-09-22T11:45:19","modified_gmt":"2017-09-22T10:45:19","slug":"sommerbaten-kommer-til-sandnes","status":"publish","type":"post","link":"https:\/\/hana-bf.no\/?p=1289","title":{"rendered":"Sommerb\u00e5ten kommer til Sandnes"},"content":{"rendered":"<p>Vi h\u00e5per s\u00e5 mange b\u00e5ter som mulig har lyst og anledning til \u00e5 seile sammen med Sommerb\u00e5ten inn Gandsfjorden torsdag 30.juli og ut igjen fredag 31.juli.<\/p>\n<p>Fra NRK:<\/p>\n<p>No er programleiarane for Sommer\u00e5pent klare, og i Sandnes blir det Haddy N\u2019jie og Tore Str\u00f8m\u00f8y som skal ha sendinga. Les meir her:\u00a0<a href=\"http:\/\/www.nrk.no\/kultur\/atle-pettersen-monstrer-pa-sommerbaten-1.12378816\">http:\/\/www.nrk.no\/kultur\/atle-pettersen-monstrer-pa-sommerbaten-1.12378816<\/a><\/p>\n<p>Det er tre tidspunkt me h\u00e5par folk kjem ned p\u00e5 kaia (det kan kome endringar p\u00e5 tidspunkt):<\/p>\n<p>&#8211;\u00a0\u00a0\u00a0\u00a0\u00a0\u00a0\u00a0\u00a0\u00a0\u00a0Ankomst: torsdag 30. juli kl 16.00<\/p>\n<p>&#8211;\u00a0\u00a0\u00a0\u00a0\u00a0\u00a0\u00a0\u00a0\u00a0\u00a0Under Sommer\u00e5pent: torsdag 30. juli kl\u00a021.30-22.15<\/p>\n<p>&#8211;\u00a0\u00a0\u00a0\u00a0\u00a0\u00a0\u00a0\u00a0\u00a0\u00a0Avreise: fredag 31. juli kl 07.30 (minst viktig)<\/p>\n<p><img loading=\"lazy\" decoding=\"async\" class=\"alignnone size-full wp-image-1292\" src=\"https:\/\/hana-bf.no\/wpsite\/wp-content\/uploads\/2015\/06\/NRK-sommerb\u00e5ten.jpg\" alt=\"NRK-sommerb\u00e5ten\" width=\"980\" height=\"551\" srcset=\"https:\/\/hana-bf.no\/wpsite\/wp-content\/uploads\/2015\/06\/NRK-sommerb\u00e5ten.jpg 980w, https:\/\/hana-bf.no\/wpsite\/wp-content\/uploads\/2015\/06\/NRK-sommerb\u00e5ten-300x168.jpg 300w, https:\/\/hana-bf.no\/wpsite\/wp-content\/uploads\/2015\/06\/NRK-sommerb\u00e5ten-900x506.jpg 900w\" sizes=\"(max-width: 980px) 100vw, 980px\" \/><\/p>\n","protected":false},"excerpt":{"rendered":"<p>Vi h\u00e5per s\u00e5 mange b\u00e5ter som mulig har lyst og anledning til \u00e5 seile sammen med Sommerb\u00e5ten inn Gandsfjorden torsdag 30.juli og ut igjen fredag 31.juli. Fra NRK: No er programleiarane for Sommer\u00e5pent klare, og i Sandnes blir det Haddy N\u2019jie og Tore Str\u00f8m\u00f8y som skal ha sendinga. Les meir her:\u00a0http:\/\/www.nrk.no\/kultur\/atle-pettersen-monstrer-pa-sommerbaten-1.12378816 Det er tre tidspunkt [&hellip;]<\/p>\n","protected":false},"author":1,"featured_media":0,"comment_status":"closed","ping_status":"closed","sticky":false,"template":"","format":"standard","meta":{"footnotes":""},"categories":[63],"tags":[],"class_list":["post-1289","post","type-post","status-publish","format-standard","hentry","category-nyheter"],"_links":{"self":[{"href":"https:\/\/hana-bf.no\/index.php?rest_route=\/wp\/v2\/posts\/1289"}],"collection":[{"href":"https:\/\/hana-bf.no\/index.php?rest_route=\/wp\/v2\/posts"}],"about":[{"href":"https:\/\/hana-bf.no\/index.php?rest_route=\/wp\/v2\/types\/post"}],"author":[{"embeddable":true,"href":"https:\/\/hana-bf.no\/index.php?rest_route=\/wp\/v2\/users\/1"}],"replies":[{"embeddable":true,"href":"https:\/\/hana-bf.no\/index.php?rest_route=%2Fwp%2Fv2%2Fcomments&post=1289"}],"version-history":[{"count":6,"href":"https:\/\/hana-bf.no\/index.php?rest_route=\/wp\/v2\/posts\/1289\/revisions"}],"predecessor-version":[{"id":1686,"href":"https:\/\/hana-bf.no\/index.php?rest_route=\/wp\/v2\/posts\/1289\/revisions\/1686"}],"wp:attachment":[{"href":"https:\/\/hana-bf.no\/index.php?rest_route=%2Fwp%2Fv2%2Fmedia&parent=1289"}],"wp:term":[{"taxonomy":"category","embeddable":true,"href":"https:\/\/hana-bf.no\/index.php?rest_route=%2Fwp%2Fv2%2Fcategories&post=1289"},{"taxonomy":"post_tag","embeddable":true,"href":"https:\/\/hana-bf.no\/index.php?rest_route=%2Fwp%2Fv2%2Ftags&post=1289"}],"curies":[{"name":"wp","href":"https:\/\/api.w.org\/{rel}","templated":true}]}}