{"id":1356,"date":"2016-02-26T14:45:08","date_gmt":"2016-02-26T13:45:08","guid":{"rendered":"http:\/\/hana-bf.no\/?p=1356"},"modified":"2016-02-26T14:45:08","modified_gmt":"2016-02-26T13:45:08","slug":"nytt-fra-styret-12","status":"publish","type":"post","link":"https:\/\/hana-bf.no\/?p=1356","title":{"rendered":"Nytt fra styret"},"content":{"rendered":"<p><strong>\u00c5RSM\u00d8TET 2015<\/strong><\/p>\n<p>Fremm\u00f8tet til \u00e5rsm\u00f8tet tirsdag 23. februar var omtrent som til forrige \u00e5rsm\u00f8te. Etter opptelling ble det logget 39 stemmeberettigede og det f\u00e5r vi si oss tilfreds med.<\/p>\n<p>Formannen, Odd Magnor Mellemstrand \u00f8nsket vel m\u00f8tt og Kjell Veire ble valgt til m\u00f8teleder. Referat fra forrige \u00e5rsm\u00f8te ble godkjent uten merknader. Ogs\u00e5 \u00e5rsberetning, regnskap, prisliste og budsjett for 2016 ble enstemmig godkjent. Det var ikke kommet inn forslag til styret som skulle tas opp til behandling p\u00e5 \u00e5rsm\u00f8tet.<\/p>\n<p>P\u00e5 forrige \u00e5rsm\u00f8tet, 2015, ble det stilt sp\u00f8rsm\u00e5l om hvorledes den nye regelen som styret foreslo i havnereglementets \u00a7 11 skulle forst\u00e5s. Det ble oppfattet som uklart hvordan en skulle avtale slipping. Styret skulle se p\u00e5 ordlyden i paragrafen for \u00e5 klargj\u00f8re den bedre.<\/p>\n<p>Styret la p\u00e5 \u00e5rsm\u00f8tet frem et redigert forslag til Havnereglementets \u00a7 11. Dette ble godkjent.<\/p>\n<p>&nbsp;<\/p>\n<p><strong>Valg<\/strong>.<\/p>\n<p>&nbsp;<\/p>\n<p>Valgkomiteen la frem sin innstilling. Det var ikke kommet inn forslag p\u00e5 nye kandidater til styret og alle styremedlemmene hadde sagt seg villige til \u00e5 stille opp igjen.<\/p>\n<p>Styret ble s\u00e5 gjenvalgt med akklamasjon.<\/p>\n<p><strong>Styret \u00e5ret 2016:<\/strong><\/p>\n<p>Formann:\u00a0\u00a0\u00a0\u00a0\u00a0\u00a0\u00a0\u00a0\u00a0\u00a0\u00a0\u00a0\u00a0\u00a0\u00a0\u00a0\u00a0\u00a0\u00a0\u00a0\u00a0\u00a0\u00a0\u00a0\u00a0 Odd Magnor Mellemstrand<\/p>\n<p>Kasserer:\u00a0\u00a0\u00a0\u00a0\u00a0\u00a0\u00a0\u00a0\u00a0\u00a0\u00a0\u00a0\u00a0\u00a0\u00a0\u00a0\u00a0\u00a0\u00a0\u00a0\u00a0\u00a0\u00a0\u00a0\u00a0\u00a0 Kjetil Larsen<\/p>\n<p>Sekret\u00e6r:\u00a0\u00a0\u00a0\u00a0\u00a0\u00a0\u00a0\u00a0\u00a0\u00a0\u00a0\u00a0\u00a0\u00a0\u00a0\u00a0\u00a0\u00a0\u00a0\u00a0\u00a0\u00a0\u00a0\u00a0\u00a0 Jan Hoel<\/p>\n<p>Styremedlem:\u00a0\u00a0\u00a0\u00a0\u00a0\u00a0\u00a0\u00a0\u00a0\u00a0\u00a0\u00a0\u00a0\u00a0\u00a0\u00a0\u00a0 Egil Kolst\u00f8<\/p>\n<p>Styremedlem:\u00a0\u00a0\u00a0\u00a0\u00a0\u00a0\u00a0\u00a0\u00a0\u00a0\u00a0\u00a0\u00a0\u00a0\u00a0\u00a0\u00a0 Kjell Veire<\/p>\n<p>Varamedlem:\u00a0\u00a0\u00a0\u00a0\u00a0\u00a0\u00a0\u00a0\u00a0\u00a0\u00a0\u00a0\u00a0\u00a0\u00a0\u00a0\u00a0\u00a0 Kjetil Alvestad<\/p>\n<p>Varamedlem: \u00a0\u00a0\u00a0\u00a0\u00a0\u00a0\u00a0\u00a0\u00a0\u00a0\u00a0\u00a0\u00a0\u00a0\u00a0\u00a0\u00a0 Leif Lagergren<\/p>\n<p>Oppsynsmenn:\u00a0\u00a0\u00a0\u00a0\u00a0\u00a0\u00a0\u00a0\u00a0\u00a0\u00a0\u00a0\u00a0\u00a0\u00a0 Jan Eie, Steinar Pettersen<\/p>\n<p>&nbsp;<\/p>\n<p>Se ogs\u00e5 p\u00e5 nettsiden under \u201dkontakt\u201d og oppslaget p\u00e5 tavla i Nyhavn for mer info om foreningens tillitsvalgte.<\/p>\n","protected":false},"excerpt":{"rendered":"<p>\u00c5RSM\u00d8TET 2015 Fremm\u00f8tet til \u00e5rsm\u00f8tet tirsdag 23. februar var omtrent som til forrige \u00e5rsm\u00f8te. Etter opptelling ble det logget 39 stemmeberettigede og det f\u00e5r vi si oss tilfreds med. Formannen, Odd Magnor Mellemstrand \u00f8nsket vel m\u00f8tt og Kjell Veire ble valgt til m\u00f8teleder. Referat fra forrige \u00e5rsm\u00f8te ble godkjent uten merknader. Ogs\u00e5 \u00e5rsberetning, regnskap, prisliste [&hellip;]<\/p>\n","protected":false},"author":1,"featured_media":0,"comment_status":"closed","ping_status":"closed","sticky":false,"template":"","format":"standard","meta":{"footnotes":""},"categories":[63],"tags":[],"class_list":["post-1356","post","type-post","status-publish","format-standard","hentry","category-nyheter"],"_links":{"self":[{"href":"https:\/\/hana-bf.no\/index.php?rest_route=\/wp\/v2\/posts\/1356"}],"collection":[{"href":"https:\/\/hana-bf.no\/index.php?rest_route=\/wp\/v2\/posts"}],"about":[{"href":"https:\/\/hana-bf.no\/index.php?rest_route=\/wp\/v2\/types\/post"}],"author":[{"embeddable":true,"href":"https:\/\/hana-bf.no\/index.php?rest_route=\/wp\/v2\/users\/1"}],"replies":[{"embeddable":true,"href":"https:\/\/hana-bf.no\/index.php?rest_route=%2Fwp%2Fv2%2Fcomments&post=1356"}],"version-history":[{"count":1,"href":"https:\/\/hana-bf.no\/index.php?rest_route=\/wp\/v2\/posts\/1356\/revisions"}],"predecessor-version":[{"id":1357,"href":"https:\/\/hana-bf.no\/index.php?rest_route=\/wp\/v2\/posts\/1356\/revisions\/1357"}],"wp:attachment":[{"href":"https:\/\/hana-bf.no\/index.php?rest_route=%2Fwp%2Fv2%2Fmedia&parent=1356"}],"wp:term":[{"taxonomy":"category","embeddable":true,"href":"https:\/\/hana-bf.no\/index.php?rest_route=%2Fwp%2Fv2%2Fcategories&post=1356"},{"taxonomy":"post_tag","embeddable":true,"href":"https:\/\/hana-bf.no\/index.php?rest_route=%2Fwp%2Fv2%2Ftags&post=1356"}],"curies":[{"name":"wp","href":"https:\/\/api.w.org\/{rel}","templated":true}]}}