{"id":2151,"date":"2023-10-03T06:08:09","date_gmt":"2023-10-03T05:08:09","guid":{"rendered":"https:\/\/hana-bf.no\/?p=2151"},"modified":"2023-10-03T06:08:10","modified_gmt":"2023-10-03T05:08:10","slug":"felles-opptak-og-vinteropplag-pa-land-2","status":"publish","type":"post","link":"https:\/\/hana-bf.no\/?p=2151","title":{"rendered":"Felles opptak og vinteropplag p\u00e5 land"},"content":{"rendered":"\n<h1 class=\"has-medium-font-size wp-block-heading\">Medlemmer som har betalt engangstilskudd (ref \u00a711 i Havnereglementet) tilbys \u00e5rlig mulighet for felles opptak og\/ vinteropplag p\u00e5 land.<\/h1>\n\n\n\n<p><strong>Tidsrom for opplag er fra 28. oktober 2023&nbsp;til&nbsp;27.&nbsp;april&nbsp;2024.<\/strong>&nbsp;<\/p>\n\n\n\n<p><strong>For vinteropplag i&nbsp;Konradden&nbsp;gjelder f\u00f8lgende:\u202f<\/strong>&nbsp;<\/p>\n\n\n\n<p>De som \u00f8nsker \u00e5 ha b\u00e5ten p\u00e5 land\u00a0i\u00a0Konradden\u00a0m\u00e5 reservere plass hos oppsynsmann\u00a0Geir\u00a0Haugen,\u00a0tlf 988 46 413. Send\u00a0sms\u00a0med ditt navn,\u00a0regnr\u00a0p\u00e5 b\u00e5t og\u00a0regnr\u00a0p\u00e5 tralle innen\u00a014. OKTOBER\u00a02023.<br><strong><br>For felles b\u00e5topptak i\u00a0Nyhavn\u00a0med kranbil gjelder f\u00f8lgende:<\/strong>\u00a0<\/p>\n\n\n\n<p><strong>Opptak blir L\u00d8RDAG 28. oktober&nbsp;kl&nbsp;09:00<\/strong><br>De som \u00f8nsker&nbsp;opptak og&nbsp;\u00e5 ha b\u00e5ten p\u00e5 land&nbsp;i&nbsp;Nyhavn&nbsp;m\u00e5 reservere plass hos oppsynsmann Tom Ove Kvarme,&nbsp;tlf&nbsp;920 42 244 snarest&nbsp;og innen&nbsp;14.&nbsp;OKTOBER 2021.&nbsp;<\/p>\n\n\n\n<p><strong>M\u00d8T I GOD TID OG HA EGNEDE BUKKER OG UTSTYR KLART F\u00d8R OPPTAK. TA MED&nbsp;EGNE HJELPERE SOM TRENGS&nbsp;S\u00c5 ARBEIDET&nbsp;G\u00c5R&nbsp;TRYGT OG EFFEKTIVT<\/strong>&nbsp;.<\/p>\n\n\n\n<p><strong>Fellesbestemmelser<\/strong><br>Havnereglementet \u00a7\u00a7 10 \u2013 14 omhandler b\u00e5teierens plikter i forbindelse med b\u00e5t i opplag p\u00e5 land. Styret oppfordrer b\u00e5teierne til \u00e5 sette seg godt inn i gjeldende regler.<br><strong>B\u00e5ter, traller og annet utstyr som hensettes p\u00e5 omr\u00e5det uten etter avtale med oppsynsmann, vil bli fjernet for eiers regning og risiko.<\/strong>&nbsp;<\/p>\n\n\n\n<p><em>Hana B\u00e5tforening<\/em>&nbsp;<\/p>\n","protected":false},"excerpt":{"rendered":"<p>Medlemmer som har betalt engangstilskudd (ref \u00a711 i Havnereglementet) tilbys \u00e5rlig mulighet for felles opptak og\/ vinteropplag p\u00e5 land. Tidsrom for opplag er fra 28. oktober 2023&nbsp;til&nbsp;27.&nbsp;april&nbsp;2024.&nbsp; For vinteropplag i&nbsp;Konradden&nbsp;gjelder f\u00f8lgende:\u202f&nbsp; De som \u00f8nsker \u00e5 ha b\u00e5ten p\u00e5 land\u00a0i\u00a0Konradden\u00a0m\u00e5 reservere plass hos oppsynsmann\u00a0Geir\u00a0Haugen,\u00a0tlf 988 46 413. Send\u00a0sms\u00a0med ditt navn,\u00a0regnr\u00a0p\u00e5 b\u00e5t og\u00a0regnr\u00a0p\u00e5 tralle innen\u00a014. OKTOBER\u00a02023.For felles [&hellip;]<\/p>\n","protected":false},"author":1,"featured_media":0,"comment_status":"closed","ping_status":"closed","sticky":false,"template":"","format":"standard","meta":{"footnotes":""},"categories":[63],"tags":[],"class_list":["post-2151","post","type-post","status-publish","format-standard","hentry","category-nyheter"],"_links":{"self":[{"href":"https:\/\/hana-bf.no\/index.php?rest_route=\/wp\/v2\/posts\/2151"}],"collection":[{"href":"https:\/\/hana-bf.no\/index.php?rest_route=\/wp\/v2\/posts"}],"about":[{"href":"https:\/\/hana-bf.no\/index.php?rest_route=\/wp\/v2\/types\/post"}],"author":[{"embeddable":true,"href":"https:\/\/hana-bf.no\/index.php?rest_route=\/wp\/v2\/users\/1"}],"replies":[{"embeddable":true,"href":"https:\/\/hana-bf.no\/index.php?rest_route=%2Fwp%2Fv2%2Fcomments&post=2151"}],"version-history":[{"count":2,"href":"https:\/\/hana-bf.no\/index.php?rest_route=\/wp\/v2\/posts\/2151\/revisions"}],"predecessor-version":[{"id":2153,"href":"https:\/\/hana-bf.no\/index.php?rest_route=\/wp\/v2\/posts\/2151\/revisions\/2153"}],"wp:attachment":[{"href":"https:\/\/hana-bf.no\/index.php?rest_route=%2Fwp%2Fv2%2Fmedia&parent=2151"}],"wp:term":[{"taxonomy":"category","embeddable":true,"href":"https:\/\/hana-bf.no\/index.php?rest_route=%2Fwp%2Fv2%2Fcategories&post=2151"},{"taxonomy":"post_tag","embeddable":true,"href":"https:\/\/hana-bf.no\/index.php?rest_route=%2Fwp%2Fv2%2Ftags&post=2151"}],"curies":[{"name":"wp","href":"https:\/\/api.w.org\/{rel}","templated":true}]}}