{"id":546,"date":"2015-02-11T18:35:23","date_gmt":"2015-02-11T17:35:23","guid":{"rendered":"http:\/\/hana-bf.no\/wpsite\/?p=546"},"modified":"2015-03-02T21:13:12","modified_gmt":"2015-03-02T20:13:12","slug":"nytt-fra-styret-7","status":"publish","type":"post","link":"https:\/\/hana-bf.no\/?p=546","title":{"rendered":"Nytt fra styret"},"content":{"rendered":"<p><strong>\u00c5RSM\u00d8TET 2014<\/strong><\/p>\n<p>Det var sv\u00e6rt godt fremm\u00f8te til \u00e5rsm\u00f8tet den 10. februar 2015, det m\u00f8tte 46 stemmeberettigede.<\/p>\n<p>Etter at formannen hadde \u00f8nsket velkommen, takket han alle tillitsvalgte for et utmerket samarbeid i \u00e5ret som var g\u00e5tt. Kjell Veire ble valgt til m\u00f8teleder og styrte s\u00e5 avviklingen av \u00e5rsm\u00f8tet med sedvanlig sikker h\u00e5nd. Referat fra forrige \u00e5rsm\u00f8te ble godkjent med en merknad om at det manglet en side av referatet p\u00e5 nettet. \u00c5rsberetning, regnskap, prisliste og budsjett for 2015 ble enstemmig godkjent uten merknader. Det var ikke kommet inn forslag til \u00e5rsm\u00f8tet utenom styrets forslag til endringer i vedtekter og havnereglement. F\u00f8r avstemming gikk Egil Kolst\u00f8 gjennom endringene. Hoved\u00e5rsaken til endringene i vedtektene er gjort for at de skal v\u00e6re i samsvar med de krav som stilles til vedtekter i frivillige foreninger. Det er ogs\u00e5 foretatt en generell oppdatering og gjort et bedre skille mellom vedtekter og havnereglement. Det var kun vedtektene som krevde godkjenning av \u00e5rsm\u00f8tet og disse ble enstemmig godkjent.<\/p>\n<p>Det ble imidlertid noe diskusjon om forst\u00e5elsen av havnereglementets nye \u00a7 11. Det ble oppfattet som uklart hvordan en skulle avtale slipping. Konklusjonen var at det blir som i dag, men styret vil se p\u00e5 ordlyden i paragrafen for \u00e5 klargj\u00f8re den bedre.<\/p>\n<p><strong>Valg<\/strong>.<\/p>\n<p>Ulf Pettersen presenterte valgkomiteens innstilling. F\u00f8rst var det valg til styret. Her var ikke kommet inn forslag og alle styremedlemmene hadde sagt seg villige til gjenvalg. Styret ble s\u00e5 gjenvalgt med akklamasjon. Oppsynsmann Jan Eie var p\u00e5 valg og her hadde det kommet inn et forslag p\u00e5 Alf S\u00f8yland. Etter avstemming ble Jan Eie gjenvalgt til oppsynsmann for 2 \u00e5r.<\/p>\n<p>Etter at den formelle delen av \u00e5rsm\u00f8tet var over, ble det satt medlemsm\u00f8te. Her ble det gitt n\u00e6rmere informasjon om fort\u00f8yningsreglene og diskutert forst\u00e5elsen av disse.<\/p>\n<p>&nbsp;<\/p>\n<p><strong>Styret \u00e5ret 2015:<\/strong><\/p>\n<p>Formann:\u00a0\u00a0\u00a0\u00a0\u00a0\u00a0\u00a0\u00a0\u00a0\u00a0\u00a0\u00a0\u00a0\u00a0\u00a0\u00a0\u00a0\u00a0\u00a0\u00a0\u00a0\u00a0\u00a0\u00a0\u00a0 Odd Magnor Mellemstrand<\/p>\n<p>Kasserer:\u00a0\u00a0\u00a0\u00a0\u00a0\u00a0\u00a0\u00a0\u00a0\u00a0\u00a0\u00a0\u00a0\u00a0\u00a0\u00a0\u00a0\u00a0\u00a0\u00a0\u00a0\u00a0\u00a0\u00a0\u00a0\u00a0 Kjetil Larsen<\/p>\n<p>Sekret\u00e6r:\u00a0\u00a0\u00a0\u00a0\u00a0\u00a0\u00a0\u00a0\u00a0\u00a0\u00a0\u00a0\u00a0\u00a0\u00a0\u00a0\u00a0\u00a0\u00a0\u00a0\u00a0\u00a0\u00a0\u00a0\u00a0 Jan Hoel<\/p>\n<p>Styremedlem:\u00a0\u00a0\u00a0\u00a0\u00a0\u00a0\u00a0\u00a0\u00a0\u00a0\u00a0\u00a0\u00a0\u00a0\u00a0\u00a0\u00a0 Egil Kolst\u00f8<\/p>\n<p>Styremedlem:\u00a0\u00a0\u00a0\u00a0\u00a0\u00a0\u00a0\u00a0\u00a0\u00a0\u00a0\u00a0\u00a0\u00a0\u00a0\u00a0\u00a0 Kjell Veire<\/p>\n<p>Varamedlem:\u00a0\u00a0\u00a0\u00a0\u00a0\u00a0\u00a0\u00a0\u00a0\u00a0\u00a0\u00a0\u00a0\u00a0\u00a0\u00a0\u00a0\u00a0 Kjetil Alvestad<\/p>\n<p>Varamedlem: \u00a0\u00a0\u00a0\u00a0\u00a0\u00a0\u00a0\u00a0\u00a0\u00a0\u00a0\u00a0\u00a0\u00a0\u00a0\u00a0\u00a0 Leif Lagergren<\/p>\n<p>Oppsynsmenn:\u00a0\u00a0\u00a0\u00a0\u00a0\u00a0\u00a0\u00a0\u00a0\u00a0\u00a0\u00a0\u00a0\u00a0\u00a0 Jan Eie, Steinar Pettersen<\/p>\n<p>&nbsp;<\/p>\n<p>Se ogs\u00e5 p\u00e5 nettsiden under \u201dkontakt\u201d og oppslag i Nyhavn for mer info om foreningens tillitsvalgte.<\/p>\n","protected":false},"excerpt":{"rendered":"<p>\u00c5RSM\u00d8TET 2014 Det var sv\u00e6rt godt fremm\u00f8te til \u00e5rsm\u00f8tet den 10. februar 2015, det m\u00f8tte 46 stemmeberettigede. Etter at formannen hadde \u00f8nsket velkommen, takket han alle tillitsvalgte for et utmerket samarbeid i \u00e5ret som var g\u00e5tt. Kjell Veire ble valgt til m\u00f8teleder og styrte s\u00e5 avviklingen av \u00e5rsm\u00f8tet med sedvanlig sikker h\u00e5nd. Referat fra forrige [&hellip;]<\/p>\n","protected":false},"author":1,"featured_media":0,"comment_status":"closed","ping_status":"closed","sticky":false,"template":"","format":"standard","meta":{"footnotes":""},"categories":[63],"tags":[],"class_list":["post-546","post","type-post","status-publish","format-standard","hentry","category-nyheter"],"_links":{"self":[{"href":"https:\/\/hana-bf.no\/index.php?rest_route=\/wp\/v2\/posts\/546"}],"collection":[{"href":"https:\/\/hana-bf.no\/index.php?rest_route=\/wp\/v2\/posts"}],"about":[{"href":"https:\/\/hana-bf.no\/index.php?rest_route=\/wp\/v2\/types\/post"}],"author":[{"embeddable":true,"href":"https:\/\/hana-bf.no\/index.php?rest_route=\/wp\/v2\/users\/1"}],"replies":[{"embeddable":true,"href":"https:\/\/hana-bf.no\/index.php?rest_route=%2Fwp%2Fv2%2Fcomments&post=546"}],"version-history":[{"count":2,"href":"https:\/\/hana-bf.no\/index.php?rest_route=\/wp\/v2\/posts\/546\/revisions"}],"predecessor-version":[{"id":1060,"href":"https:\/\/hana-bf.no\/index.php?rest_route=\/wp\/v2\/posts\/546\/revisions\/1060"}],"wp:attachment":[{"href":"https:\/\/hana-bf.no\/index.php?rest_route=%2Fwp%2Fv2%2Fmedia&parent=546"}],"wp:term":[{"taxonomy":"category","embeddable":true,"href":"https:\/\/hana-bf.no\/index.php?rest_route=%2Fwp%2Fv2%2Fcategories&post=546"},{"taxonomy":"post_tag","embeddable":true,"href":"https:\/\/hana-bf.no\/index.php?rest_route=%2Fwp%2Fv2%2Ftags&post=546"}],"curies":[{"name":"wp","href":"https:\/\/api.w.org\/{rel}","templated":true}]}}